{"id":175,"date":"2020-09-23T05:19:02","date_gmt":"2020-09-23T05:19:02","guid":{"rendered":"http:\/\/doinahealthcare.ro\/?p=175"},"modified":"2020-09-23T05:19:04","modified_gmt":"2020-09-23T05:19:04","slug":"informatii-despre-covid-19","status":"publish","type":"post","link":"http:\/\/doinahealthcare.ro\/en\/informatii-despre-covid-19\/","title":{"rendered":"Informa\u021bii despre Covid-19"},"content":{"rendered":"<p><strong>Informa\u021bii despre Covid-19<\/strong>&nbsp;\u0219i link-uri c\u0103tre institu\u021biile responsabile (Ministerul S\u0103n\u0103t\u0103\u021bii, Direc\u021bia de S\u0103n\u0103tate Public\u0103 a Jude\u021bului Bra\u0219ov, Ministerul Afacerilor Externe, Organiza\u021bia Mondial\u0103 a S\u0103n\u0103t\u0103\u021bii):<\/p>\n\n\n\n<p>COVID-19 afecteaz\u0103 persoanele \u00een moduri diferite. Majoritatea persoanelor infectate vor dezvolta o form\u0103 u\u0219oar\u0103 sau moderat\u0103 a bolii \u0219i se vor recupera f\u0103r\u0103 spitalizare.<\/p>\n\n\n\n<p>Cele mai frecvente simptome:<\/p>\n\n\n\n<ul><li>febr\u0103,<\/li><li>tuse seac\u0103,<\/li><li>oboseal\u0103.<\/li><\/ul>\n\n\n\n<p>Simptome mai pu\u021bin frecvente:<\/p>\n\n\n\n<ul><li>dureri de cap \u0219i dureri musculare,<\/li><li>durere \u00een g\u00e2t,<\/li><li>diaree,<\/li><li>conjunctivit\u0103,<\/li><li>dureri de cap,<\/li><li>pierderea gustului sau a mirosului,<\/li><li>irita\u021bie la nivelul pielii sau o decolorare a degetelor de la m\u00e2ini sau de la picioare.<\/li><\/ul>\n\n\n\n<p>Pentru orice suspiciune sau \u00eentrebare, nu ezita\u021bi s\u0103 v\u0103 adresa\u021bi medicilor no\u0219tri sau Direc\u021biei de S\u0103n\u0103tate Public\u0103 a Jude\u021bului Bra\u0219ov: Tel Verde 0800 800 358 sau mail epidemiologie.brasov@yahoo.com!<\/p>\n\n\n\n<p>\u00cenainte de a efectua orice deplasare \u00een str\u0103in\u0103tate, informa\u021bi-v\u0103 pe site-ul Ministerului Afacerilor Externe cu privire la condi\u021biile specifice impuse de fiecare \u021bar\u0103 \u00een parte, precum \u0219i de restric\u021biile pe care le ave\u021bi de \u00eent\u00e2mpinat la revenirea \u00een \u021bar\u0103!<\/p>\n\n\n\n<p>Urgen\u021be: 112<\/p>\n\n\n\n<p><a href=\"http:\/\/www.ms.ro\/\" data-type=\"URL\" data-id=\"http:\/\/www.ms.ro\/\">Ministerul S\u0103n\u0103t\u0103\u021bii<\/a><a href=\"\"><\/a><\/p>\n\n\n\n<p><a href=\"https:\/\/dspbv.ro\/covid-19\">DSP Bra\u0219ov<\/a><\/p>\n\n\n\n<p><a href=\"http:\/\/www.mae.ro\/node\/51759\">Ministerul Afecerilor Externe<\/a><\/p>\n\n\n\n<p><a href=\"https:\/\/www.who.int\/emergencies\/diseases\/novel-coronavirus-2019\/question-and-answers-hub\/q-a-detail\/q-a-coronaviruses#:~:text=symptoms\">https:\/\/www.who.int\/emergencies\/diseases\/novel-coronavirus-2019\/question-and-answers-hub\/q-a-detail\/q-a-coronaviruses#:~:text=symptoms<\/a><\/p>\n\n\n\n<p>Situa\u021bia la zi a cazurilor de COVID-19:<\/p>\n\n\n\n<p><a href=\"https:\/\/www.worldometers.info\/coronavirus\/?utm_campaign=homeAdvegas1\">https:\/\/www.worldometers.info\/coronavirus\/?utm_campaign=homeAdvegas1<\/a><\/p>","protected":false},"excerpt":{"rendered":"<p>Informa\u021bii despre Covid-19&nbsp;\u0219i link-uri c\u0103tre institu\u021biile responsabile (Ministerul S\u0103n\u0103t\u0103\u021bii, Direc\u021bia de S\u0103n\u0103tate Public\u0103 a Jude\u021bului Bra\u0219ov, Ministerul Afacerilor Externe, Organiza\u021bia Mondial\u0103 a S\u0103n\u0103t\u0103\u021bii): COVID-19 afecteaz\u0103 persoanele \u00een moduri diferite. Majoritatea persoanelor infectate vor dezvolta o form\u0103 u\u0219oar\u0103 sau moderat\u0103 a bolii \u0219i se vor recupera f\u0103r\u0103 spitalizare. Cele mai frecvente simptome: febr\u0103, tuse seac\u0103, oboseal\u0103.&hellip; <br \/> <a class=\"read-more\" href=\"http:\/\/doinahealthcare.ro\/en\/informatii-despre-covid-19\/\">Read more<\/a><\/p>","protected":false},"author":1,"featured_media":0,"comment_status":"open","ping_status":"open","sticky":false,"template":"","format":"standard","meta":[],"categories":[1],"tags":[],"_links":{"self":[{"href":"http:\/\/doinahealthcare.ro\/en\/wp-json\/wp\/v2\/posts\/175"}],"collection":[{"href":"http:\/\/doinahealthcare.ro\/en\/wp-json\/wp\/v2\/posts"}],"about":[{"href":"http:\/\/doinahealthcare.ro\/en\/wp-json\/wp\/v2\/types\/post"}],"author":[{"embeddable":true,"href":"http:\/\/doinahealthcare.ro\/en\/wp-json\/wp\/v2\/users\/1"}],"replies":[{"embeddable":true,"href":"http:\/\/doinahealthcare.ro\/en\/wp-json\/wp\/v2\/comments?post=175"}],"version-history":[{"count":1,"href":"http:\/\/doinahealthcare.ro\/en\/wp-json\/wp\/v2\/posts\/175\/revisions"}],"predecessor-version":[{"id":176,"href":"http:\/\/doinahealthcare.ro\/en\/wp-json\/wp\/v2\/posts\/175\/revisions\/176"}],"wp:attachment":[{"href":"http:\/\/doinahealthcare.ro\/en\/wp-json\/wp\/v2\/media?parent=175"}],"wp:term":[{"taxonomy":"category","embeddable":true,"href":"http:\/\/doinahealthcare.ro\/en\/wp-json\/wp\/v2\/categories?post=175"},{"taxonomy":"post_tag","embeddable":true,"href":"http:\/\/doinahealthcare.ro\/en\/wp-json\/wp\/v2\/tags?post=175"}],"curies":[{"name":"wp","href":"https:\/\/api.w.org\/{rel}","templated":true}]}}